{"Tytu\u0142":"Nab\u00f3r na cz\u0142onk\u00f3w Wojew\u00f3dzkiego Zespo\u0142u ds. Rozwoju Us\u0142ug Spo\u0142ecznych i Deinstytucjonalizacji","Tre\u015b\u0107":{"lead":null,"content":"<p>Regionalny O\u015brodek Polityki Spo\u0142ecznej Wojew\u00f3dztwa \u015al\u0105skiego przyst\u0105pi\u0142 do opracowania projektu \u201eRegionalnego planu rozwoju us\u0142ug spo\u0142ecznych i deinstytucjonalizacji w wojew\u00f3dztwie \u015bl\u0105skim na lata 2026-2028\u201d.<\/p>\n<p>W celu wsparcia tego procesu zostanie powo\u0142any <em>Wojew\u00f3dzki Zesp\u00f3\u0142 ds. Rozwoju Us\u0142ug Spo\u0142ecznych i\u00a0Deinstytucjonalizacji <\/em>(WZDI) jako interdyscyplinarny zesp\u00f3\u0142 doradczy, w kt\u00f3rego sk\u0142ad wejd\u0105 osoby legitymuj\u0105ce si\u0119 wiedz\u0105 eksperck\u0105: teoretyczn\u0105 lub praktyczn\u0105 w zakresie organizacji i realizacji przedsi\u0119wzi\u0119\u0107 w nast\u0119puj\u0105cych obszarach:<\/p>\n<ul>\n<li>pomocy spo\u0142ecznej;<\/li>\n<li>wsparcia rodziny i systemu pieczy zast\u0119pczej;<\/li>\n<li>ekonomii spo\u0142ecznej;<\/li>\n<li>integracji spo\u0142ecznej i zawodowej;<\/li>\n<li>rehabilitacji spo\u0142ecznej i zawodowej os\u00f3b niepe\u0142nosprawnych.<\/li>\n<\/ul>\n<p>W zwi\u0105zku z powy\u017cszym zapraszamy do zg\u0142aszania swoich kandydatur do <em>Wojew\u00f3dzkiego Zespo\u0142u ds. Rozwoju Us\u0142ug Spo\u0142ecznych i Deinstytucjonalizacji<\/em>. Dokumenty rekrutacyjne dost\u0119pne s\u0105 poni\u017cej.<\/p>\n<p>Zg\u0142oszenie nale\u017cy przes\u0142a\u0107 na adres dpa@rops-katowice.pl w terminie <strong>do 2 czerwca 2025 roku.<\/strong><\/p>\n<p>Osob\u0105 do kontakt\u00f3w roboczych w niniejszej sprawie jest Ryszard Skrzypiec, tel. 32 730 68 74, e-mail: rskrzypiec@rops-katowice.pl.<\/p>\n<p>Aktualizacja \u201eRegionalnego planu rozwoju us\u0142ug spo\u0142ecznych i deinstytucjonalizacji w wojew\u00f3dztwie \u015bl\u0105skim na lata 2026-2028\u201d realizowana jest w ramach projektu \u201eKoordynacja dzia\u0142a\u0144 w zakresie polityki spo\u0142ecznej \u2013 ROPS WSL, w ramach programu \u201eFundusze Europejskie dla Rozwoju Spo\u0142ecznego 2021-2027\u201d wsp\u00f3\u0142finansowanego ze \u015brodk\u00f3w Europejskiego Funduszu Spo\u0142ecznego Plus 2021-2027, Priorytet FERS.04 \u2013 \u201eSp\u00f3jno\u015b\u0107 spo\u0142eczna i zdrowie\u201d, Dzia\u0142anie FERS.04.13 \u2013 \u201eWysokiej jako\u015bci system w\u0142\u0105czenia\u201d.<\/p>"},"Pliki dokument\u00f3w":[{"id":4376,"object_id":2426,"size":124277,"type":"application\/pdf","general_type":"application","name":"content_2426\/682b0c299f4348.01388210.pdf","original_name":"WZDI-regulamin.pdf","title":"1.\tRegulamin Wojew\u00f3dzkiego Zespo\u0142u ds. Rozwoju Us\u0142ug Spo\u0142ecznych i Deinstytucjonalizacji","description":null,"active":1,"sort":1,"create_user_id":null,"update_user_id":null,"created_at":"2025-05-19 12:47:05","updated_at":"2025-05-19 12:47:37","object_type":"content"},{"id":4377,"object_id":2426,"size":22714,"type":"application\/vnd.openxmlformats-officedocument.wordprocessingml.document","general_type":"application","name":"content_2426\/682b0c2a0fd519.97568965.docx","original_name":"WZDI-za\u0142 1 do regulaminu-formularz zg\u0142oszeniowy.docx","title":"2.\tFormularz zg\u0142oszeniowy","description":null,"active":1,"sort":1,"create_user_id":null,"update_user_id":null,"created_at":"2025-05-19 12:47:06","updated_at":"2025-05-19 12:48:01","object_type":"content"},{"id":4378,"object_id":2426,"size":238691,"type":"application\/pdf","general_type":"application","name":"content_2426\/682b0c2b671108.31399001.pdf","original_name":"WZDI-za\u0142 2 do regulaminu-arkusz oceny merytorycznej.pdf","title":"3.\tArkusz oceny merytorycznej","description":null,"active":1,"sort":1,"create_user_id":null,"update_user_id":null,"created_at":"2025-05-19 12:47:07","updated_at":"2025-05-19 12:48:17","object_type":"content"}],"Pliki iobrazk\u00f3w":[],"Pliki audio":[],"Linki":[],"Video":[],"Okruszki":[{"title":"Strona g\u0142\u00f3wna","link":"\/","target":"_self"}],"Historia zmian":[{"message":"Wprowadzenie zmian w opisie do\u0142\u0105czonego do informacji pliku","user_name":"Krzysztof Ro\u017cek","date":"2025-05-19 12:48:17"},{"message":"Wprowadzenie zmian w opisie do\u0142\u0105czonego do informacji pliku","user_name":"Krzysztof Ro\u017cek","date":"2025-05-19 12:48:01"},{"message":"Wprowadzenie zmian w opisie do\u0142\u0105czonego do informacji pliku","user_name":"Krzysztof Ro\u017cek","date":"2025-05-19 12:47:37"},{"message":"Do\u0142\u0105czenie do informacji za\u0142\u0105cznika w formie pliku","user_name":"Krzysztof Ro\u017cek","date":"2025-05-19 12:47:07"},{"message":"Do\u0142\u0105czenie do informacji za\u0142\u0105cznika w formie pliku","user_name":"Krzysztof Ro\u017cek","date":"2025-05-19 12:47:06"},{"message":"Do\u0142\u0105czenie do informacji za\u0142\u0105cznika w formie pliku","user_name":"Krzysztof Ro\u017cek","date":"2025-05-19 12:47:05"},{"message":"zamieszczenie","user_name":"Krzysztof Ro\u017cek","date":"2025-05-19 12:46:21"}]}