{"Tytu\u0142":"ROPS.PZP.332.6.2024 - Kompleksowa organizacja wydarzenia informacyjno-promuj\u0105cego projekt pn.: Deinstytucjonalizacja  i wsparcie wojew\u00f3dzkiej pieczy zast\u0119pczej","Tre\u015b\u0107":{"lead":"<h2 class=\"tytul\"><span>TRYB PODSTAWOWY - ART. 275 UST. 1 USTAWY PZP<\/span><\/h2>","content":"<p>Adres strony internetowej prowadzonego post\u0119powania oraz na kt\u00f3rej b\u0119d\u0105 zamieszczane zmiany i\u00a0wyja\u015bnienia tre\u015bci SWZ oraz inne dokumenty zam\u00f3wienia bezpo\u015brednio zwi\u0105zane <br \/> z niniejszym post\u0119powaniem: <a href=\"https:\/\/ropsslaskie.ezamawiajacy.pl\/pn\/ROPSSLASKIE\/demand\/158850\/notice\/public\/details\">https:\/\/ropsslaskie.ezamawiajacy.pl\/pn\/ROPSSLASKIE\/demand\/158850\/notice\/public\/details<\/a><br \/><br \/><\/p>\n<p>Przedmiotem zam\u00f3wienia jest organizacja i realizacja wydarzenia informacyjno-promuj\u0105cego projekt pn.: <em>Deinstytucjonalizacja i wsparcie wojew\u00f3dzkiej pieczy zast\u0119pczej<\/em> wsp\u00f3\u0142finansowanego ze \u015brodk\u00f3w Unii Europejskiej w ramach programu Fundusze Europejskie dla \u015al\u0105skiego 2021-2027. Celem tego wydarzenia jest zwi\u0119kszenie \u015bwiadomo\u015bci dotycz\u0105cej dost\u0119pno\u015bci us\u0142ug oferowanych w projekcie, informacja o deinstytucjonalizacji wojew\u00f3dzkiej pieczy zast\u0119pczej oraz symboliczna inauguracja projektu. Niniejsze zam\u00f3wienie b\u0119dzie wsp\u00f3\u0142finansowane ze \u015brodk\u00f3w Unii Europejskiej w ramach programu Fundusze Europejskie dla \u015al\u0105skiego 2021-2027 i projektu pn. <em>Deinstytucjonalizacja <br \/> i wsparcie wojew\u00f3dzkiej pieczy zast\u0119pczej<\/em>. Priorytet FESL.07.00 - Fundusze Europejskie dla spo\u0142ecze\u0144stwa, Dzia\u0142anie FESL.07.08 Strategiczne projekty dla obszaru wsparcia rodziny. Przy realizacji zam\u00f3wienia nale\u017cy stosowa\u0107 si\u0119 do Standard\u00f3w dost\u0119pno\u015bci dla polityki sp\u00f3jno\u015bci 2021-2027, kt\u00f3re stanowi\u0105 za\u0142\u0105cznik nr 2 do Wytycznych dotycz\u0105cych realizacji zasad r\u00f3wno\u015bciowych w ramach funduszy unijnych na lata 2021-2027.<\/p>\n<p>Niniejsze zam\u00f3wienie obejmuje w szczeg\u00f3lno\u015bci:<\/p>\n<ol>\n<li>Zapewnienie miejsca realizacji zam\u00f3wienia,<\/li>\n<li>Zapewnienie prowadz\u0105cego\/konferansjera,<\/li>\n<li>Zaprojektowanie i wykonanie materia\u0142\u00f3w informacyjno-promocyjnych wydarzenia, zaprosze\u0144,<\/li>\n<li>Zapewnienie obs\u0142ugi fotograficznej wydarzenia,<\/li>\n<li>Zapewnienie prelegent\u00f3w,<\/li>\n<li>Zapewnienie us\u0142ugi cateringowej,<\/li>\n<li>Zapewnienie personelu do obs\u0142ugi wydarzenia.<\/li>\n<\/ol>\n<p><u>Szczeg\u00f3\u0142owy opis przedmiotu zam\u00f3wienia zamieszczono w za\u0142\u0105czniku nr 1 do SWZ.<\/u><\/p>"},"Pliki dokument\u00f3w":[{"id":4141,"object_id":2283,"size":155199,"type":"application\/pdf","general_type":"application","name":"content_2283\/6671a437786a26.67615772.pdf","original_name":"06_Ogloszenie_o_zamowieniu.pdf","title":"Za\u0142\u0105czony plik","description":null,"active":1,"sort":1,"create_user_id":null,"update_user_id":null,"created_at":"2024-06-18 17:13:59","updated_at":"2024-06-18 17:13:59","object_type":"content"}],"Pliki iobrazk\u00f3w":[],"Pliki audio":[],"Linki":[],"Video":[],"Okruszki":[{"title":"Strona g\u0142\u00f3wna","link":"\/","target":"_self"},{"title":"Zam\u00f3wienia publiczne","link":null,"target":"_self"},{"title":"Og\u0142oszenia o zam\u00f3wieniach","link":null,"target":"_self"}],"Historia zmian":[{"message":"Do\u0142\u0105czenie do informacji za\u0142\u0105cznika w formie pliku","user_name":"Katarzyna Reclik","date":"2024-06-18 17:13:59"},{"message":"Nie dotyczy","user_name":"Katarzyna Reclik","date":"2024-06-18 17:13:07"},{"message":"Nie dotyczy","user_name":"Katarzyna Reclik","date":"2024-06-18 17:12:57"}]}